{"id":2901,"date":"2025-05-08T20:52:37","date_gmt":"2025-05-09T00:52:37","guid":{"rendered":"https:\/\/chileshorts.com\/the-feast-el-festin-de-las-bestias\/"},"modified":"2025-05-08T20:52:38","modified_gmt":"2025-05-09T00:52:38","slug":"the-feast-el-festin-de-las-bestias","status":"publish","type":"post","link":"https:\/\/chileshorts.com\/en\/the-feast-el-festin-de-las-bestias\/","title":{"rendered":"THE FEAST \/ EL FEST\u00cdN DE LAS BESTIAS"},"content":{"rendered":"<p>En un mundo dist\u00f3pico, una criatura asiste a un banquete a cargo de un refrigerador m\u00e1gico. As\u00ed inicia su descenso por un espiral de consumo desenfrenado de alimentos. Corrompido y transformado en una bestia, se enfrenta a un macabro platillo final.<\/p>\n<p><em>In a dystopian world, a creature attends a feast hosted by a magical fridge. Thus begins his downfall in a spiral of unbridled food consumption. Corrupted and transformed into a beast, he faces a macabre final course.<\/em><\/p>","protected":false},"excerpt":{"rendered":"<p>8 min<\/p>","protected":false},"author":4,"featured_media":436,"comment_status":"open","ping_status":"open","sticky":false,"template":"","format":"standard","meta":{"footnotes":""},"categories":[349,389],"tags":[330],"genero":[403],"tematicas":[124],"director":[125],"imagen":[],"estreno":[294],"sinopsis_ingles":[],"creacion":[397],"pro":[126],"class_list":["post-2901","post","type-post","status-publish","format-standard","has-post-thumbnail","hentry","category-animation","category-experimental","tag-330","genero-animation-experimental","tematicas-horror","director-simon-bucher-claudia-saldivia-amanda-rivera","estreno-world-premiere-annecy-international-animation-film-festival","creacion-397","pro-claudia-saldivia-pablo-cuturrufo"],"_links":{"self":[{"href":"https:\/\/chileshorts.com\/en\/wp-json\/wp\/v2\/posts\/2901","targetHints":{"allow":["GET"]}}],"collection":[{"href":"https:\/\/chileshorts.com\/en\/wp-json\/wp\/v2\/posts"}],"about":[{"href":"https:\/\/chileshorts.com\/en\/wp-json\/wp\/v2\/types\/post"}],"author":[{"embeddable":true,"href":"https:\/\/chileshorts.com\/en\/wp-json\/wp\/v2\/users\/4"}],"replies":[{"embeddable":true,"href":"https:\/\/chileshorts.com\/en\/wp-json\/wp\/v2\/comments?post=2901"}],"version-history":[{"count":2,"href":"https:\/\/chileshorts.com\/en\/wp-json\/wp\/v2\/posts\/2901\/revisions"}],"predecessor-version":[{"id":3058,"href":"https:\/\/chileshorts.com\/en\/wp-json\/wp\/v2\/posts\/2901\/revisions\/3058"}],"wp:featuredmedia":[{"embeddable":true,"href":"https:\/\/chileshorts.com\/en\/wp-json\/wp\/v2\/media\/436"}],"wp:attachment":[{"href":"https:\/\/chileshorts.com\/en\/wp-json\/wp\/v2\/media?parent=2901"}],"wp:term":[{"taxonomy":"category","embeddable":true,"href":"https:\/\/chileshorts.com\/en\/wp-json\/wp\/v2\/categories?post=2901"},{"taxonomy":"post_tag","embeddable":true,"href":"https:\/\/chileshorts.com\/en\/wp-json\/wp\/v2\/tags?post=2901"},{"taxonomy":"genero","embeddable":true,"href":"https:\/\/chileshorts.com\/en\/wp-json\/wp\/v2\/genero?post=2901"},{"taxonomy":"tematicas","embeddable":true,"href":"https:\/\/chileshorts.com\/en\/wp-json\/wp\/v2\/tematicas?post=2901"},{"taxonomy":"director","embeddable":true,"href":"https:\/\/chileshorts.com\/en\/wp-json\/wp\/v2\/director?post=2901"},{"taxonomy":"imagen","embeddable":true,"href":"https:\/\/chileshorts.com\/en\/wp-json\/wp\/v2\/imagen?post=2901"},{"taxonomy":"estreno","embeddable":true,"href":"https:\/\/chileshorts.com\/en\/wp-json\/wp\/v2\/estreno?post=2901"},{"taxonomy":"sinopsis_ingles","embeddable":true,"href":"https:\/\/chileshorts.com\/en\/wp-json\/wp\/v2\/sinopsis_ingles?post=2901"},{"taxonomy":"creacion","embeddable":true,"href":"https:\/\/chileshorts.com\/en\/wp-json\/wp\/v2\/creacion?post=2901"},{"taxonomy":"pro","embeddable":true,"href":"https:\/\/chileshorts.com\/en\/wp-json\/wp\/v2\/pro?post=2901"}],"curies":[{"name":"wp","href":"https:\/\/api.w.org\/{rel}","templated":true}]}}