{"id":2924,"date":"2025-05-08T20:52:39","date_gmt":"2025-05-09T00:52:39","guid":{"rendered":"https:\/\/chileshorts.com\/el-dia-de-mi-independencia-my-independence-day\/"},"modified":"2025-05-08T20:52:41","modified_gmt":"2025-05-09T00:52:41","slug":"el-dia-de-mi-independencia-my-independence-day","status":"publish","type":"post","link":"https:\/\/chileshorts.com\/en\/el-dia-de-mi-independencia-my-independence-day\/","title":{"rendered":"EL D\u00cdA DE MI INDEPENDENCIA \/ MY INDEPENDENCE DAY"},"content":{"rendered":"<p>\u00a0Manuela ( 7 ), sue\u00f1a con la celebraci\u00f3n del d\u00eda de la Independencia en su escuela y la posibilidad de ganar el concurso del \u201cmejor vestido folcl\u00f3rico\u201d. Mientras, su hermano Gabo ( 16 ), enfrenta el riesgo de protestar en las calles esperando acabar con la dictadura del Chile de 1988.<\/p>\n<p><em>\u00a0Seven-year-old Manuela dreams of winning the \u201cbest folkloric dress\u201d contest in her school\u2019s commemoration of Independence Day. Meanwhile, her brother Gabo ( 16 ) takes the risk of protesting in the streets in hopes of putting an end to the dictatorship of Chile in 1988.<\/em><\/p>","protected":false},"excerpt":{"rendered":"<p>19 min<\/p>","protected":false},"author":4,"featured_media":1207,"comment_status":"open","ping_status":"open","sticky":false,"template":"","format":"standard","meta":{"footnotes":""},"categories":[351],"tags":[333],"genero":[14],"tematicas":[189],"director":[190],"imagen":[],"estreno":[],"sinopsis_ingles":[],"creacion":[400],"pro":[191],"class_list":["post-2924","post","type-post","status-publish","format-standard","has-post-thumbnail","hentry","category-fiction","tag-333","genero-fiction","tematicas-childhood-social-issues","director-constanza-majluf","creacion-400","pro-felipe-azua-canales-avispa-cine"],"_links":{"self":[{"href":"https:\/\/chileshorts.com\/en\/wp-json\/wp\/v2\/posts\/2924","targetHints":{"allow":["GET"]}}],"collection":[{"href":"https:\/\/chileshorts.com\/en\/wp-json\/wp\/v2\/posts"}],"about":[{"href":"https:\/\/chileshorts.com\/en\/wp-json\/wp\/v2\/types\/post"}],"author":[{"embeddable":true,"href":"https:\/\/chileshorts.com\/en\/wp-json\/wp\/v2\/users\/4"}],"replies":[{"embeddable":true,"href":"https:\/\/chileshorts.com\/en\/wp-json\/wp\/v2\/comments?post=2924"}],"version-history":[{"count":2,"href":"https:\/\/chileshorts.com\/en\/wp-json\/wp\/v2\/posts\/2924\/revisions"}],"predecessor-version":[{"id":3081,"href":"https:\/\/chileshorts.com\/en\/wp-json\/wp\/v2\/posts\/2924\/revisions\/3081"}],"wp:featuredmedia":[{"embeddable":true,"href":"https:\/\/chileshorts.com\/en\/wp-json\/wp\/v2\/media\/1207"}],"wp:attachment":[{"href":"https:\/\/chileshorts.com\/en\/wp-json\/wp\/v2\/media?parent=2924"}],"wp:term":[{"taxonomy":"category","embeddable":true,"href":"https:\/\/chileshorts.com\/en\/wp-json\/wp\/v2\/categories?post=2924"},{"taxonomy":"post_tag","embeddable":true,"href":"https:\/\/chileshorts.com\/en\/wp-json\/wp\/v2\/tags?post=2924"},{"taxonomy":"genero","embeddable":true,"href":"https:\/\/chileshorts.com\/en\/wp-json\/wp\/v2\/genero?post=2924"},{"taxonomy":"tematicas","embeddable":true,"href":"https:\/\/chileshorts.com\/en\/wp-json\/wp\/v2\/tematicas?post=2924"},{"taxonomy":"director","embeddable":true,"href":"https:\/\/chileshorts.com\/en\/wp-json\/wp\/v2\/director?post=2924"},{"taxonomy":"imagen","embeddable":true,"href":"https:\/\/chileshorts.com\/en\/wp-json\/wp\/v2\/imagen?post=2924"},{"taxonomy":"estreno","embeddable":true,"href":"https:\/\/chileshorts.com\/en\/wp-json\/wp\/v2\/estreno?post=2924"},{"taxonomy":"sinopsis_ingles","embeddable":true,"href":"https:\/\/chileshorts.com\/en\/wp-json\/wp\/v2\/sinopsis_ingles?post=2924"},{"taxonomy":"creacion","embeddable":true,"href":"https:\/\/chileshorts.com\/en\/wp-json\/wp\/v2\/creacion?post=2924"},{"taxonomy":"pro","embeddable":true,"href":"https:\/\/chileshorts.com\/en\/wp-json\/wp\/v2\/pro?post=2924"}],"curies":[{"name":"wp","href":"https:\/\/api.w.org\/{rel}","templated":true}]}}